{"id":17250,"date":"2021-11-14T12:00:26","date_gmt":"2021-11-14T11:00:26","guid":{"rendered":"https:\/\/geneva-indoors.com\/?p=17250"},"modified":"2021-11-02T15:57:38","modified_gmt":"2021-11-02T14:57:38","slug":"behind-the-scenes-lucie-courtois-photographer","status":"publish","type":"post","link":"https:\/\/geneva-indoors.com\/fr\/behind-the-scenes-lucie-courtois-photographer\/","title":{"rendered":"Coulisses \u2013 Lucie Courtois \u2013 Photographe"},"content":{"rendered":"<p><em>Cette ann\u00e9e, \u00e0 l\u2019approche des TGI, vous retrouverez chaque semaine la pr\u00e9sentation d\u2019un secteur de pr\u00e9paration du tournoi. Cette semaine, Lucie Courtois, photographe du tournoi, nous d\u00e9crit sa t\u00e2che tout au long de la pr\u00e9paration du tournoi et lors du tournoi lui-m\u00eame.<\/em><\/p>\n<p><em> <strong>Interview r\u00e9alis\u00e9e par Gr\u00e9goire H\u00fcrlimann<\/strong><\/em><\/p>\n<p><strong>Peux-tu te pr\u00e9senter?<br \/>\n<\/strong>J&rsquo;ai d\u00e9couvert le tchoukball en 2014. A l&rsquo;\u00e9poque, j&rsquo;\u00e9tais gymnaste et le club de tchoukball de ma commune s\u2019entra\u00eenait dans le m\u00eame gymnase. Je voyais de loin les entrainements, mais c\u2019est seulement en f\u00e9vrier 2015, que j\u2019ai commenc\u00e9 \u00e0 m\u2019y impliquer en photographiant un tournoi suite \u00e0 la demande d&rsquo;une amie.<\/p>\n<p>Aujourd&rsquo;hui, je suis vice-secr\u00e9taire de mon club de tchoukball ainsi que responsable de la communication\/photographie de celui-ci.<\/p>\n<p><strong>Quelle est ta fonction actuelle aux Tchoukball Geneva Indoors?<br \/>\n<\/strong>Actuellement, j&rsquo;assiste Olivier au poste de responsable photographe avec la participation de Laurent Ludi.<\/p>\n<p><strong>Depuis quand occupes-tu ce r\u00f4le?<br \/>\n<\/strong>J&rsquo;ai commenc\u00e9 \u00e0 m&rsquo;impliquer dans les TGI en 2016 en tant que photographe officielle pour la f\u00e9d\u00e9ration fran\u00e7aise de tchoukball. En 2017, j&rsquo;ai pris contact avec Olivier pour pouvoir partager mes photos avec le TGI. Et c&rsquo;est en 2018 que j&rsquo;ai int\u00e9gr\u00e9 le comit\u00e9. Au cours de l&rsquo;ann\u00e9e 2019, Olivier ne pouvant plus s&rsquo;impliquer autant qu\u2019avant pour des raisons professionnelles, il m&rsquo;a confi\u00e9 son poste avec le soutien de Daniel Buschbeck et Laurent Ludi.<\/p>\n<p><strong>En quoi consiste ton travail avant, pendant, et apr\u00e8s le tournoi?<br \/>\n<\/strong>Mon travail consiste \u00e0 coordonner les photographes sur l&rsquo;\u00e9v\u00e8nement, c\u2019est-\u00e0-dire de les recenser avant les tournois et de savoir qui est disponible sur quel cr\u00e9neau. Toutefois, le gros du travail se fait surtout pendant et apr\u00e8s le tournoi pour la r\u00e9cup\u00e9ration des clich\u00e9s.<\/p>\n<p>Mon secteur r\u00e9alise des photos pour la Nations Cup, le tournois Open, Elite, juniors et scolaires. Je m\u2019occupe aussi personnellement des photos de groupe \u00e0 int\u00e9grer dans les cadeaux souvenirs.<\/p>\n<p><strong>Quels sont les d\u00e9fis, les moments-cl\u00e9s de ta fonction?<br \/>\n<\/strong>Le principal d\u00e9fi en 2019 \u00e9tait de pouvoir r\u00e9aliser les photos de toutes les \u00e9quipes et de les \u00e9diter dans les meilleurs d\u00e9lais pour pouvoir me lib\u00e9rer du temps pour photographier les joueurs en plein match.<\/p>\n<p><strong>Avec quels autres secteurs collabores-tu pour r\u00e9aliser ton travail?<br \/>\n<\/strong>Nous collaborons principalement avec le secteur de la communication qui doit r\u00e9diger et surtout illustrer rapidement les communiqu\u00e9s de presse suite aux matchs de la Nations Cup. Nous essayons de leur mettre \u00e0 disposition le plus rapidement possible les clich\u00e9s que nous avons pris sur les matchs.<\/p>\n<p>Je collabore \u00e9galement avec Lionel parce que j\u2019ai besoin du plan des matchs pour me pr\u00e9parer aux arriv\u00e9es des \u00e9quipes pour les photos. Cela me permet aussi de retrouver tr\u00e8s facilement les \u00e9quipes qui ne sont pas encore pass\u00e9es vers moi.<\/p>\n<p>Et bien entendu, le secteur des cadeaux souvenirs : c&rsquo;est \u00e0 eux que je remet l&rsquo;ensemble des photos d&rsquo;\u00e9quipes afin qu&rsquo;ils puissent pr\u00e9parer les paquets pour chaque joueur.<\/p>\n<p><strong>As-tu d\u00e9j\u00e0 eu une situation particuli\u00e8re, stressante ou touchante que tu aimerais nous partager?<br \/>\n<\/strong>Il y a toujours des situations particuli\u00e8res aux TGI, c\u2019est tr\u00e8s difficile, dans mon r\u00f4le, d\u2019avoir vraiment un planning qui va tenir.<\/p>\n<p>En 2019 j&rsquo;ai \u00e9t\u00e9 assez frustr\u00e9e du manque d&rsquo;organisation pour la prise des photos d&rsquo;\u00e9quipes : j&rsquo;ai pass\u00e9 plus de temps \u00e0 attendre les \u00e9quipes qu&rsquo;\u00e0 les photographier. Si bien que je n&rsquo;ai pas pu \u00eatre sur les bords des terrains pour photographier les comp\u00e9titions. \u00c9galement en 2019, les repr\u00e9sentants de la FITB sont venus pour avoir, eux aussi, une photo souvenir.<\/p>\n<p><strong>Quel est ton meilleur souvenir des Geneva Indoors?<br \/>\n<\/strong>Les TGI, ce sont pour moi toujours de tr\u00e8s grands moments et de nombreux souvenirs tout aussi merveilleux les uns que les autres. Mais je crois qu&rsquo;un de mes souvenirs les plus forts \u00e9tait en 2018 \u00e0 la fin de toutes les comp\u00e9titions, quand Daniel a convoqu\u00e9 tous les b\u00e9n\u00e9voles sur le terrain central pour nous remercier devant le public. C&rsquo;est \u00e0 ce moment-l\u00e0 qu&rsquo;il a annonc\u00e9 que je reprenais le r\u00f4le d&rsquo;Olivier en 2019. Pour moi, c&rsquo;\u00e9tait une certaine fiert\u00e9 et une vraie marque de confiance de la part de Daniel.<\/p>\n<p><strong>Les TGI 2021 se rapprochent \u00e0 grands pas. Apr\u00e8s une pause forc\u00e9e l\u2019an dernier, de quels moments de r\u00e9jouis-tu particuli\u00e8rement pour cette \u00e9dition?<br \/>\n<\/strong>Em 2020, j&rsquo;\u00e9tais pr\u00e9sente sur le forum pour faire des photos du plateau. Mais j&rsquo;avoue que j&rsquo;ai vraiment h\u00e2te retrouver l&rsquo;ambiance de la Queue d&rsquo;Arve en D\u00e9cembre. C&rsquo;est une p\u00e9riode que j&rsquo;adore, bien que fatigante avant les f\u00eates de fin d&rsquo;ann\u00e9e, mais \u00e7a en vaut vraiment la peine! Chaque moment sur les TGI est unique et je pense qu&rsquo;ils valent tous la peine d&rsquo;\u00eatre v\u00e9cus, m\u00eame s&rsquo;il y a du stress et de la frustration.<\/p>","protected":false},"excerpt":{"rendered":"<p>Cette ann\u00e9e, \u00e0 l\u2019approche des TGI, vous retrouverez chaque semaine la pr\u00e9sentation d\u2019un secteur de pr\u00e9paration du tournoi. Cette semaine, Lucie Courtois, photographe du tournoi, nous d\u00e9crit sa t\u00e2che tout au long de la pr\u00e9paration du tournoi et lors du tournoi lui-m\u00eame. Interview r\u00e9alis\u00e9e par Gr\u00e9goire H\u00fcrlimann Peux-tu te pr\u00e9senter? J&rsquo;ai d\u00e9couvert le tchoukball en&#8230; <\/p>\n<div class=\"clear\"><\/div>\n<p><a href=\"https:\/\/geneva-indoors.com\/fr\/behind-the-scenes-lucie-courtois-photographer\/\" class=\"excerpt-read-more\">Read More<\/a><\/p>\n","protected":false},"author":21,"featured_media":17248,"comment_status":"closed","ping_status":"open","sticky":false,"template":"","format":"standard","meta":{"_monsterinsights_skip_tracking":false,"_monsterinsights_sitenote_active":false,"_monsterinsights_sitenote_note":"","_monsterinsights_sitenote_category":0,"footnotes":""},"categories":[300,302],"tags":[],"class_list":["post-17250","post","type-post","status-publish","format-standard","has-post-thumbnail","hentry","category-tgi2021","category-en-coulisses"],"aioseo_notices":[],"_links":{"self":[{"href":"https:\/\/geneva-indoors.com\/fr\/wp-json\/wp\/v2\/posts\/17250","targetHints":{"allow":["GET"]}}],"collection":[{"href":"https:\/\/geneva-indoors.com\/fr\/wp-json\/wp\/v2\/posts"}],"about":[{"href":"https:\/\/geneva-indoors.com\/fr\/wp-json\/wp\/v2\/types\/post"}],"author":[{"embeddable":true,"href":"https:\/\/geneva-indoors.com\/fr\/wp-json\/wp\/v2\/users\/21"}],"replies":[{"embeddable":true,"href":"https:\/\/geneva-indoors.com\/fr\/wp-json\/wp\/v2\/comments?post=17250"}],"version-history":[{"count":1,"href":"https:\/\/geneva-indoors.com\/fr\/wp-json\/wp\/v2\/posts\/17250\/revisions"}],"predecessor-version":[{"id":17251,"href":"https:\/\/geneva-indoors.com\/fr\/wp-json\/wp\/v2\/posts\/17250\/revisions\/17251"}],"wp:featuredmedia":[{"embeddable":true,"href":"https:\/\/geneva-indoors.com\/fr\/wp-json\/wp\/v2\/media\/17248"}],"wp:attachment":[{"href":"https:\/\/geneva-indoors.com\/fr\/wp-json\/wp\/v2\/media?parent=17250"}],"wp:term":[{"taxonomy":"category","embeddable":true,"href":"https:\/\/geneva-indoors.com\/fr\/wp-json\/wp\/v2\/categories?post=17250"},{"taxonomy":"post_tag","embeddable":true,"href":"https:\/\/geneva-indoors.com\/fr\/wp-json\/wp\/v2\/tags?post=17250"}],"curies":[{"name":"wp","href":"https:\/\/api.w.org\/{rel}","templated":true}]}}