{"id":15388,"date":"2019-12-22T15:27:56","date_gmt":"2019-12-22T14:27:56","guid":{"rendered":"https:\/\/geneva-indoors.com\/?p=15388"},"modified":"2020-02-17T15:01:48","modified_gmt":"2020-02-17T14:01:48","slug":"interview-of-daniel-buschbeck-on-the-local-tv","status":"publish","type":"post","link":"https:\/\/geneva-indoors.com\/fr\/interview-of-daniel-buschbeck-on-the-local-tv\/","title":{"rendered":"Interview de Daniel Buschbeck sur Couleur 3"},"content":{"rendered":"<p>Durant la journ\u00e9e des finales, Couleur 3 a fait un interview de Daniel Buschbeck, pr\u00e9sident du comit\u00e9 d&rsquo;organisation. L&rsquo;\u00e9mission a \u00e9t\u00e9 fait en direct au centre sportif de la Queue d&rsquo;Arve. Pour la r\u00e9\u00e9cout\u00e9, voici le lien:<\/p>\n<p><strong><a href=\"https:\/\/www.rts.ch\/play\/radio\/lenvoye-special\/audio\/lenvoye-special?id=10919916\">L&rsquo;envoyer sp\u00e9cial<\/a><\/strong> du 21 d\u00e9cembre 2019.<\/p>","protected":false},"excerpt":{"rendered":"<p>Durant la journ\u00e9e des finales, Couleur 3 a fait un interview de Daniel Buschbeck, pr\u00e9sident du comit\u00e9 d&rsquo;organisation. L&rsquo;\u00e9mission a \u00e9t\u00e9 fait en direct au centre sportif de la Queue d&rsquo;Arve. Pour la r\u00e9\u00e9cout\u00e9, voici le lien: L&rsquo;envoyer sp\u00e9cial du 21 d\u00e9cembre 2019.<\/p>\n","protected":false},"author":2,"featured_media":15389,"comment_status":"closed","ping_status":"open","sticky":false,"template":"","format":"standard","meta":{"_monsterinsights_skip_tracking":false,"_monsterinsights_sitenote_active":false,"_monsterinsights_sitenote_note":"","_monsterinsights_sitenote_category":0,"footnotes":""},"categories":[254],"tags":[],"class_list":["post-15388","post","type-post","status-publish","format-standard","has-post-thumbnail","hentry","category-tgi-2019"],"aioseo_notices":[],"_links":{"self":[{"href":"https:\/\/geneva-indoors.com\/fr\/wp-json\/wp\/v2\/posts\/15388","targetHints":{"allow":["GET"]}}],"collection":[{"href":"https:\/\/geneva-indoors.com\/fr\/wp-json\/wp\/v2\/posts"}],"about":[{"href":"https:\/\/geneva-indoors.com\/fr\/wp-json\/wp\/v2\/types\/post"}],"author":[{"embeddable":true,"href":"https:\/\/geneva-indoors.com\/fr\/wp-json\/wp\/v2\/users\/2"}],"replies":[{"embeddable":true,"href":"https:\/\/geneva-indoors.com\/fr\/wp-json\/wp\/v2\/comments?post=15388"}],"version-history":[{"count":1,"href":"https:\/\/geneva-indoors.com\/fr\/wp-json\/wp\/v2\/posts\/15388\/revisions"}],"predecessor-version":[{"id":15390,"href":"https:\/\/geneva-indoors.com\/fr\/wp-json\/wp\/v2\/posts\/15388\/revisions\/15390"}],"wp:featuredmedia":[{"embeddable":true,"href":"https:\/\/geneva-indoors.com\/fr\/wp-json\/wp\/v2\/media\/15389"}],"wp:attachment":[{"href":"https:\/\/geneva-indoors.com\/fr\/wp-json\/wp\/v2\/media?parent=15388"}],"wp:term":[{"taxonomy":"category","embeddable":true,"href":"https:\/\/geneva-indoors.com\/fr\/wp-json\/wp\/v2\/categories?post=15388"},{"taxonomy":"post_tag","embeddable":true,"href":"https:\/\/geneva-indoors.com\/fr\/wp-json\/wp\/v2\/tags?post=15388"}],"curies":[{"name":"wp","href":"https:\/\/api.w.org\/{rel}","templated":true}]}}