{"id":12795,"date":"2018-12-14T15:09:42","date_gmt":"2018-12-14T14:09:42","guid":{"rendered":"https:\/\/geneva-indoors.com\/?p=12795"},"modified":"2018-12-19T16:50:23","modified_gmt":"2018-12-19T15:50:23","slug":"interview-of-daniel-buschbeck-on-8-mont-blanc","status":"publish","type":"post","link":"https:\/\/geneva-indoors.com\/fr\/interview-of-daniel-buschbeck-on-8-mont-blanc\/","title":{"rendered":"Interview de Daniel Buschbeck sur 8 Mont Blanc"},"content":{"rendered":"<p>Daniel Buschbeck, pr\u00e9sident du comit\u00e9 d&rsquo;organanisation du Tchoukball Geneva Indoors est pass\u00e9 en directe dans l&rsquo;\u00e9mission #Acc\u00e8sDirect de la cha\u00eene 8 Mont Blanc le lundi 13 d\u00e9cembre. Retrouvez l\u2019interview de Daniel dans la vid\u00e9o, d\u00e8s la minute 25\u201925\u00a0:<\/p>\n<p style=\"text-align: center;\"><a href=\"https:\/\/geneva-indoors.com\/fr\/tv8-montblanc-acces-directe\/\" target=\"_blank\" rel=\"noopener\"><strong>TV8-MontBlanc &#8211; #Acc\u00e8s Direct<\/strong><\/a><\/p>\n<p><\/p>","protected":false},"excerpt":{"rendered":"<p>Daniel Buschbeck, pr\u00e9sident du comit\u00e9 d&rsquo;organanisation du Tchoukball Geneva Indoors est pass\u00e9 en directe dans l&rsquo;\u00e9mission #Acc\u00e8sDirect de la cha\u00eene 8 Mont Blanc le lundi 13 d\u00e9cembre. Retrouvez l\u2019interview de Daniel dans la vid\u00e9o, d\u00e8s la minute 25\u201925\u00a0: TV8-MontBlanc &#8211; #Acc\u00e8s Direct<\/p>\n","protected":false},"author":2,"featured_media":12928,"comment_status":"closed","ping_status":"open","sticky":false,"template":"","format":"standard","meta":{"_monsterinsights_skip_tracking":false,"_monsterinsights_sitenote_active":false,"_monsterinsights_sitenote_note":"","_monsterinsights_sitenote_category":0,"footnotes":""},"categories":[240],"tags":[],"class_list":["post-12795","post","type-post","status-publish","format-standard","has-post-thumbnail","hentry","category-tgi-2018"],"aioseo_notices":[],"_links":{"self":[{"href":"https:\/\/geneva-indoors.com\/fr\/wp-json\/wp\/v2\/posts\/12795","targetHints":{"allow":["GET"]}}],"collection":[{"href":"https:\/\/geneva-indoors.com\/fr\/wp-json\/wp\/v2\/posts"}],"about":[{"href":"https:\/\/geneva-indoors.com\/fr\/wp-json\/wp\/v2\/types\/post"}],"author":[{"embeddable":true,"href":"https:\/\/geneva-indoors.com\/fr\/wp-json\/wp\/v2\/users\/2"}],"replies":[{"embeddable":true,"href":"https:\/\/geneva-indoors.com\/fr\/wp-json\/wp\/v2\/comments?post=12795"}],"version-history":[{"count":5,"href":"https:\/\/geneva-indoors.com\/fr\/wp-json\/wp\/v2\/posts\/12795\/revisions"}],"predecessor-version":[{"id":12940,"href":"https:\/\/geneva-indoors.com\/fr\/wp-json\/wp\/v2\/posts\/12795\/revisions\/12940"}],"wp:featuredmedia":[{"embeddable":true,"href":"https:\/\/geneva-indoors.com\/fr\/wp-json\/wp\/v2\/media\/12928"}],"wp:attachment":[{"href":"https:\/\/geneva-indoors.com\/fr\/wp-json\/wp\/v2\/media?parent=12795"}],"wp:term":[{"taxonomy":"category","embeddable":true,"href":"https:\/\/geneva-indoors.com\/fr\/wp-json\/wp\/v2\/categories?post=12795"},{"taxonomy":"post_tag","embeddable":true,"href":"https:\/\/geneva-indoors.com\/fr\/wp-json\/wp\/v2\/tags?post=12795"}],"curies":[{"name":"wp","href":"https:\/\/api.w.org\/{rel}","templated":true}]}}